{"id":140,"date":"2015-02-19T23:27:52","date_gmt":"2015-02-20T03:27:52","guid":{"rendered":"http:\/\/gadparroquialsanjuan.gob.ec\/azuay\/?p=140"},"modified":"2026-02-26T09:54:16","modified_gmt":"2026-02-26T13:54:16","slug":"proyectos","status":"publish","type":"post","link":"https:\/\/gadsosote.gob.ec\/?p=140","title":{"rendered":"Proyectos"},"content":{"rendered":"<p><span style=\"font-size: 18pt;\"><strong>EVENTOS DE MOTIVACI\u00d3N QUE PROMUEVAN EL RESPETO Y EL BUEN TRATO A LAS PERSONAS QUE CONFORMAN LOS GRUPOS PRIORITARIOS, CON ENFASIS EN LAS PERSONAS ADULTAS MAYORES Y PERSONAS CON DISCAPACIDAD DE LA PARROQUIA SOSOTE, CANT\u00d3N ROCAFUERTE, PROVINCIA DE MANAB\u00cd.\u00a0<\/strong><\/span><\/p>\n<p><img loading=\"lazy\" decoding=\"async\" class=\"wp-image-1671 alignleft\" src=\"https:\/\/gadsosote.gob.ec\/wp-content\/uploads\/2015\/02\/ADULTOS-MAYORES--550x413.jpg\" alt=\"\" width=\"278\" height=\"209\" srcset=\"https:\/\/gadsosote.gob.ec\/wp-content\/uploads\/2015\/02\/ADULTOS-MAYORES--550x413.jpg 550w, https:\/\/gadsosote.gob.ec\/wp-content\/uploads\/2015\/02\/ADULTOS-MAYORES--1024x768.jpg 1024w, https:\/\/gadsosote.gob.ec\/wp-content\/uploads\/2015\/02\/ADULTOS-MAYORES--768x576.jpg 768w, https:\/\/gadsosote.gob.ec\/wp-content\/uploads\/2015\/02\/ADULTOS-MAYORES--1536x1152.jpg 1536w, https:\/\/gadsosote.gob.ec\/wp-content\/uploads\/2015\/02\/ADULTOS-MAYORES--2048x1536.jpg 2048w\" sizes=\"auto, (max-width: 278px) 100vw, 278px\" \/> <img loading=\"lazy\" decoding=\"async\" class=\"wp-image-1672 alignleft\" src=\"https:\/\/gadsosote.gob.ec\/wp-content\/uploads\/2015\/02\/ADULTOS-MAYORES-002-550x413.jpg\" alt=\"\" width=\"280\" height=\"211\" srcset=\"https:\/\/gadsosote.gob.ec\/wp-content\/uploads\/2015\/02\/ADULTOS-MAYORES-002-550x413.jpg 550w, https:\/\/gadsosote.gob.ec\/wp-content\/uploads\/2015\/02\/ADULTOS-MAYORES-002-1024x768.jpg 1024w, https:\/\/gadsosote.gob.ec\/wp-content\/uploads\/2015\/02\/ADULTOS-MAYORES-002-768x576.jpg 768w, https:\/\/gadsosote.gob.ec\/wp-content\/uploads\/2015\/02\/ADULTOS-MAYORES-002-1536x1152.jpg 1536w, https:\/\/gadsosote.gob.ec\/wp-content\/uploads\/2015\/02\/ADULTOS-MAYORES-002-2048x1536.jpg 2048w\" sizes=\"auto, (max-width: 280px) 100vw, 280px\" \/><\/p>\n<p>&nbsp;<\/p>\n<p>&nbsp;<\/p>\n<p>&nbsp;<\/p>\n<p>&nbsp;<\/p>\n<p>&nbsp;<\/p>\n<p>&nbsp;<\/p>\n<p>&nbsp;<\/p>\n<p style=\"text-align: left;\"><strong>DESCRIPCI\u00d3N.-\u00a0<\/strong> Este proyecto naci\u00f3 con la necesidad intervenir con los grupos vulnerables de una forma participativa y de integraci\u00f3n, el GAD Parroquial Sosote efectu\u00f3 cuatro eventos siendo beneficiarios adultos mayores y personas con discapacidad de las comunidades Puerto Higuer\u00f3n, Higuer\u00f3n, La Guayaba, San Jacinto, Cerecito, Las Pe\u00f1as y Sosote Adentro.<\/p>\n<p>&nbsp;<\/p>\n<p>&nbsp;<\/p>\n<p>&nbsp;<\/p>\n<p>&nbsp;<\/p>\n<p>&nbsp;<\/p>\n<p>&nbsp;<\/p>\n<p>&nbsp;<\/p>\n<p><span style=\"font-size: 18pt;\"><strong>\u201cCAPACITACI\u00d3N DE MECANISMOS DE PARTICIPACI\u00d3N CIUDADANA PARA LOS HABITANTES DE LAS DIFERENTES COMUNIDADES DE LA PARROQUIA SOSOTE, CANT\u00d3N ROCAFUERTE, PROVINCIA DE MANAB\u00cd\u201d<\/strong><\/span><\/p>\n<p>&nbsp;<\/p>\n<p><img loading=\"lazy\" decoding=\"async\" class=\"alignnone wp-image-1673\" src=\"https:\/\/gadsosote.gob.ec\/wp-content\/uploads\/2015\/02\/parti-550x413.jpg\" alt=\"\" width=\"291\" height=\"218\" srcset=\"https:\/\/gadsosote.gob.ec\/wp-content\/uploads\/2015\/02\/parti-550x413.jpg 550w, https:\/\/gadsosote.gob.ec\/wp-content\/uploads\/2015\/02\/parti-1024x768.jpg 1024w, https:\/\/gadsosote.gob.ec\/wp-content\/uploads\/2015\/02\/parti-768x576.jpg 768w, https:\/\/gadsosote.gob.ec\/wp-content\/uploads\/2015\/02\/parti-1536x1152.jpg 1536w, https:\/\/gadsosote.gob.ec\/wp-content\/uploads\/2015\/02\/parti.jpg 1600w\" sizes=\"auto, (max-width: 291px) 100vw, 291px\" \/>\u00a0 \u00a0 <img loading=\"lazy\" decoding=\"async\" class=\"alignnone wp-image-1674\" src=\"https:\/\/gadsosote.gob.ec\/wp-content\/uploads\/2015\/02\/partoo-550x413.jpg\" alt=\"\" width=\"292\" height=\"219\" srcset=\"https:\/\/gadsosote.gob.ec\/wp-content\/uploads\/2015\/02\/partoo-550x413.jpg 550w, https:\/\/gadsosote.gob.ec\/wp-content\/uploads\/2015\/02\/partoo-1024x768.jpg 1024w, https:\/\/gadsosote.gob.ec\/wp-content\/uploads\/2015\/02\/partoo-768x576.jpg 768w, https:\/\/gadsosote.gob.ec\/wp-content\/uploads\/2015\/02\/partoo-1536x1152.jpg 1536w, https:\/\/gadsosote.gob.ec\/wp-content\/uploads\/2015\/02\/partoo.jpg 1600w\" sizes=\"auto, (max-width: 292px) 100vw, 292px\" \/><\/p>\n<p><strong>DESCRIPCI\u00d3N.-\u00a0<\/strong> Este proyecto brindo capacitar a la ciudadan\u00eda en temas de Participaci\u00f3n Ciudadana con el objetivo de conocer derechos como ciudadan\u00eda y mecanismos para alcanzar beneficios colectivos, se beneficiaron m\u00e1s de 220 personas de las comunidades Puerto Higuer\u00f3n, La Guayaba, Cerecito, El Pueblito, Buenos Aires, Los R\u00edos, Las Pe\u00f1as y Sosote.<\/p>\n<p>&nbsp;<\/p>\n<p>&nbsp;<\/p>\n<p>&nbsp;<\/p>\n<p>&nbsp;<\/p>\n<p>&nbsp;<\/p>\n<p>&nbsp;<\/p>\n<p>&nbsp;<\/p>\n<p><span style=\"font-size: 18pt;\"><strong>CAPACITACI\u00d3N E INCLUSI\u00d3N SOCIAL PARA EL DESARROLLO DE CAPACIDADES DE NI\u00d1OS, NI\u00d1AS Y ADOLESCENTES DE LAS COMUNIDADES Y CENTRO DE LA PARROQUIA SOSOTE DEL CANT\u00d3N ROCAFUERTE.<\/strong><\/span><\/p>\n<p>&nbsp;<\/p>\n<p><img loading=\"lazy\" decoding=\"async\" class=\"alignnone wp-image-1676 \" src=\"https:\/\/gadsosote.gob.ec\/wp-content\/uploads\/2015\/02\/jovenes-e1740591288688-550x289.jpg\" alt=\"\" width=\"343\" height=\"180\" srcset=\"https:\/\/gadsosote.gob.ec\/wp-content\/uploads\/2015\/02\/jovenes-e1740591288688-550x289.jpg 550w, https:\/\/gadsosote.gob.ec\/wp-content\/uploads\/2015\/02\/jovenes-e1740591288688-1024x537.jpg 1024w, https:\/\/gadsosote.gob.ec\/wp-content\/uploads\/2015\/02\/jovenes-e1740591288688-768x403.jpg 768w, https:\/\/gadsosote.gob.ec\/wp-content\/uploads\/2015\/02\/jovenes-e1740591288688-1536x806.jpg 1536w, https:\/\/gadsosote.gob.ec\/wp-content\/uploads\/2015\/02\/jovenes-e1740591288688.jpg 1544w\" sizes=\"auto, (max-width: 343px) 100vw, 343px\" \/> \u00a0<img loading=\"lazy\" decoding=\"async\" class=\"alignnone wp-image-1677\" src=\"https:\/\/gadsosote.gob.ec\/wp-content\/uploads\/2015\/02\/jovene-1-550x286.jpg\" alt=\"\" width=\"349\" height=\"182\" srcset=\"https:\/\/gadsosote.gob.ec\/wp-content\/uploads\/2015\/02\/jovene-1-550x286.jpg 550w, https:\/\/gadsosote.gob.ec\/wp-content\/uploads\/2015\/02\/jovene-1-1024x532.jpg 1024w, https:\/\/gadsosote.gob.ec\/wp-content\/uploads\/2015\/02\/jovene-1-768x399.jpg 768w, https:\/\/gadsosote.gob.ec\/wp-content\/uploads\/2015\/02\/jovene-1.jpg 1080w\" sizes=\"auto, (max-width: 349px) 100vw, 349px\" \/><\/p>\n<p><strong>DESCRIPCI\u00d3N.-\u00a0<\/strong> Este proyecto se desarroll\u00f3 en las comunidades Higuer\u00f3n, La Guayaba, San Jacinto, Cerecito, Las Pe\u00f1as, El Pueblito, Buenos Aires y Sosote, con la finalidad de generar liderazgo desde edades tempranas a trav\u00e9s de temas de formaci\u00f3n y buenas practicas sociales.<\/p>\n<p>&nbsp;<\/p>\n<p>&nbsp;<\/p>\n<p>&nbsp;<\/p>\n<p>&nbsp;<\/p>\n<p>&nbsp;<\/p>\n<p>&nbsp;<\/p>\n<p>&nbsp;<\/p>\n<p><span style=\"font-size: 18pt;\"><strong>ELABORACI\u00d3N DEL PLAN DE DESARROLLO Y ORDENAMIENTO TERRITORIAL (PDOT) DE LA PARROQUIA SOSOTE.<\/strong><\/span><\/p>\n<p><img loading=\"lazy\" decoding=\"async\" class=\"alignnone wp-image-1818\" src=\"https:\/\/gadsosote.gob.ec\/wp-content\/uploads\/2015\/02\/PDOT-1-550x413.jpg\" alt=\"\" width=\"319\" height=\"239\" srcset=\"https:\/\/gadsosote.gob.ec\/wp-content\/uploads\/2015\/02\/PDOT-1-550x413.jpg 550w, https:\/\/gadsosote.gob.ec\/wp-content\/uploads\/2015\/02\/PDOT-1-1024x768.jpg 1024w, https:\/\/gadsosote.gob.ec\/wp-content\/uploads\/2015\/02\/PDOT-1-768x576.jpg 768w, https:\/\/gadsosote.gob.ec\/wp-content\/uploads\/2015\/02\/PDOT-1-1536x1152.jpg 1536w, https:\/\/gadsosote.gob.ec\/wp-content\/uploads\/2015\/02\/PDOT-1-2048x1536.jpg 2048w\" sizes=\"auto, (max-width: 319px) 100vw, 319px\" \/> <img loading=\"lazy\" decoding=\"async\" class=\"alignnone wp-image-1819\" src=\"https:\/\/gadsosote.gob.ec\/wp-content\/uploads\/2015\/02\/PDOT-2-550x413.jpg\" alt=\"\" width=\"318\" height=\"239\" srcset=\"https:\/\/gadsosote.gob.ec\/wp-content\/uploads\/2015\/02\/PDOT-2-550x413.jpg 550w, https:\/\/gadsosote.gob.ec\/wp-content\/uploads\/2015\/02\/PDOT-2-1024x768.jpg 1024w, https:\/\/gadsosote.gob.ec\/wp-content\/uploads\/2015\/02\/PDOT-2-768x576.jpg 768w, https:\/\/gadsosote.gob.ec\/wp-content\/uploads\/2015\/02\/PDOT-2-1536x1152.jpg 1536w, https:\/\/gadsosote.gob.ec\/wp-content\/uploads\/2015\/02\/PDOT-2.jpg 1600w\" sizes=\"auto, (max-width: 318px) 100vw, 318px\" \/><\/p>\n<p><strong>DESCRIPCI\u00d3N.-\u00a0<\/strong> El Plan de Desarrollo y Ordenamiento Territorial se encuentra en la fase 3 de su elaboraci\u00f3n, comprende un estudio detallado de las principales caracter\u00edsticas, potencialidades y problem\u00e1ticas que tienen las 14 comunidades de la parroquia Sosote. Comprende de 6 sistemas (f\u00edsico &#8211; ambiental, asentamientos humanos, sociocultural, econ\u00f3mico &#8211; productivo, pol\u00edtico- institucional y gesti\u00f3n de riesgos). Alianza Consultora Estrat\u00e9gica ALCOES es la consultora que esta llevando a cabo el proyecto.<\/p>\n<p>&nbsp;<\/p>\n<p>&nbsp;<\/p>\n<p>&nbsp;<\/p>\n<p>&nbsp;<\/p>\n<p>&nbsp;<\/p>\n<p>&nbsp;<\/p>\n<p><span style=\"font-size: 18pt;\"><strong>ESPACIOS L\u00daDICOS Y ACTIVOS &#8211; ADULTOS MAYORES.<\/strong><\/span><\/p>\n<p><img loading=\"lazy\" decoding=\"async\" class=\"alignnone wp-image-1838\" src=\"https:\/\/gadsosote.gob.ec\/wp-content\/uploads\/2015\/02\/adult-550x414.jpg\" alt=\"\" width=\"295\" height=\"222\" srcset=\"https:\/\/gadsosote.gob.ec\/wp-content\/uploads\/2015\/02\/adult-550x414.jpg 550w, https:\/\/gadsosote.gob.ec\/wp-content\/uploads\/2015\/02\/adult-1024x771.jpg 1024w, https:\/\/gadsosote.gob.ec\/wp-content\/uploads\/2015\/02\/adult-768x578.jpg 768w, https:\/\/gadsosote.gob.ec\/wp-content\/uploads\/2015\/02\/adult-1536x1157.jpg 1536w, https:\/\/gadsosote.gob.ec\/wp-content\/uploads\/2015\/02\/adult-2048x1542.jpg 2048w\" sizes=\"auto, (max-width: 295px) 100vw, 295px\" \/>\u00a0 \u00a0<img loading=\"lazy\" decoding=\"async\" class=\"alignnone wp-image-1840\" src=\"https:\/\/gadsosote.gob.ec\/wp-content\/uploads\/2015\/02\/adult-3-550x414.jpg\" alt=\"\" width=\"297\" height=\"223\" srcset=\"https:\/\/gadsosote.gob.ec\/wp-content\/uploads\/2015\/02\/adult-3-550x414.jpg 550w, https:\/\/gadsosote.gob.ec\/wp-content\/uploads\/2015\/02\/adult-3-1024x771.jpg 1024w, https:\/\/gadsosote.gob.ec\/wp-content\/uploads\/2015\/02\/adult-3-768x578.jpg 768w, https:\/\/gadsosote.gob.ec\/wp-content\/uploads\/2015\/02\/adult-3-1536x1157.jpg 1536w, https:\/\/gadsosote.gob.ec\/wp-content\/uploads\/2015\/02\/adult-3-2048x1542.jpg 2048w\" sizes=\"auto, (max-width: 297px) 100vw, 297px\" \/><\/p>\n<p><strong>DESCRIPCI\u00d3N.-\u00a0<\/strong> El Proyecto de espacios l\u00fadicos y activos es una iniciativa del GAD Parroquial Sosote, quien a trav\u00e9s de su Trabajador en gesti\u00f3n Social lleva a cabo jornadas donde se imparten actividades educativas y de recreaci\u00f3n dirigidas a adultos mayores y personas con discapacidad. Hasta el momento el GAD Parroquial Sosote llega a las comunidades San Jacinto, Cerecito, Puerto Loor y Sosote con los grupos Centro y San Juan.<\/p>\n<p>&nbsp;<\/p>\n<p>&nbsp;<\/p>\n<p>&nbsp;<\/p>\n<p>&nbsp;<\/p>\n<p>&nbsp;<\/p>\n<p>&nbsp;<\/p>\n<p><span style=\"font-size: 18pt;\"><strong>CL\u00cdNICA M\u00d3VIL EN TU COMUNIDAD.<\/strong><\/span><\/p>\n<p><img loading=\"lazy\" decoding=\"async\" class=\"alignnone wp-image-1841\" src=\"https:\/\/gadsosote.gob.ec\/wp-content\/uploads\/2015\/02\/clinica-550x413.jpg\" alt=\"\" width=\"322\" height=\"242\" srcset=\"https:\/\/gadsosote.gob.ec\/wp-content\/uploads\/2015\/02\/clinica-550x413.jpg 550w, https:\/\/gadsosote.gob.ec\/wp-content\/uploads\/2015\/02\/clinica-1024x768.jpg 1024w, https:\/\/gadsosote.gob.ec\/wp-content\/uploads\/2015\/02\/clinica-768x576.jpg 768w, https:\/\/gadsosote.gob.ec\/wp-content\/uploads\/2015\/02\/clinica-1536x1152.jpg 1536w, https:\/\/gadsosote.gob.ec\/wp-content\/uploads\/2015\/02\/clinica.jpg 1600w\" sizes=\"auto, (max-width: 322px) 100vw, 322px\" \/>\u00a0 \u00a0<img loading=\"lazy\" decoding=\"async\" class=\"alignnone wp-image-1844\" src=\"https:\/\/gadsosote.gob.ec\/wp-content\/uploads\/2015\/02\/clin-2-550x518.jpg\" alt=\"\" width=\"259\" height=\"244\" srcset=\"https:\/\/gadsosote.gob.ec\/wp-content\/uploads\/2015\/02\/clin-2-550x518.jpg 550w, https:\/\/gadsosote.gob.ec\/wp-content\/uploads\/2015\/02\/clin-2-1024x964.jpg 1024w, https:\/\/gadsosote.gob.ec\/wp-content\/uploads\/2015\/02\/clin-2-768x723.jpg 768w, https:\/\/gadsosote.gob.ec\/wp-content\/uploads\/2015\/02\/clin-2-1536x1446.jpg 1536w, https:\/\/gadsosote.gob.ec\/wp-content\/uploads\/2015\/02\/clin-2-2048x1928.jpg 2048w\" sizes=\"auto, (max-width: 259px) 100vw, 259px\" \/><\/p>\n<p><strong>DESCRIPCI\u00d3N.-\u00a0<\/strong> Como parte del Convenio Marco entre la Universidad Laica Eloy Alfaro de Manabi ULEAM y el GAD Parroquial Sosote, la Cl\u00ednica Odontol\u00f3gica, visitas las comunidades de la Parroquia Sosote, en estas jornadas se realizan extracciones, curaciones y limpiezas; al momento la cl\u00ednica m\u00f3vil ha llegado a las siguientes comunidades: La Guayaba, Cerecito, Sosote, Sosote Adentro, San Jos\u00e9 de las Pe\u00f1as, Puerto Loor y a su vez a los sectores Los Pocitos y Centro de la cabecera parroquial Sosote.<\/p>\n<p>&nbsp;<\/p>\n<p>&nbsp;<\/p>\n<p>&nbsp;<\/p>\n<p>&nbsp;<\/p>\n<p>&nbsp;<\/p>\n","protected":false},"excerpt":{"rendered":"<p>EVENTOS DE MOTIVACI\u00d3N QUE PROMUEVAN EL RESPETO Y EL BUEN TRATO A LAS PERSONAS QUE CONFORMAN LOS GRUPOS PRIORITARIOS, CON ENFASIS EN LAS PERSONAS ADULTAS MAYORES Y PERSONAS CON DISCAPACIDAD DE LA PARROQUIA SOSOTE, CANT\u00d3N ROCAFUERTE, PROVINCIA DE MANAB\u00cd.\u00a0 &nbsp; &nbsp; &nbsp; &nbsp; &nbsp; &nbsp; &nbsp; DESCRIPCI\u00d3N.-\u00a0 Este proyecto naci\u00f3 con la necesidad intervenir con&hellip;<\/p>\n","protected":false},"author":6,"featured_media":0,"comment_status":"closed","ping_status":"closed","sticky":false,"template":"","format":"standard","meta":{"_joinchat":[]},"categories":[1],"tags":[],"class_list":["post-140","post","type-post","status-publish","format-standard","hentry","category-noticias","category-1","description-off"],"_links":{"self":[{"href":"https:\/\/gadsosote.gob.ec\/index.php?rest_route=\/wp\/v2\/posts\/140","targetHints":{"allow":["GET"]}}],"collection":[{"href":"https:\/\/gadsosote.gob.ec\/index.php?rest_route=\/wp\/v2\/posts"}],"about":[{"href":"https:\/\/gadsosote.gob.ec\/index.php?rest_route=\/wp\/v2\/types\/post"}],"author":[{"embeddable":true,"href":"https:\/\/gadsosote.gob.ec\/index.php?rest_route=\/wp\/v2\/users\/6"}],"replies":[{"embeddable":true,"href":"https:\/\/gadsosote.gob.ec\/index.php?rest_route=%2Fwp%2Fv2%2Fcomments&post=140"}],"version-history":[{"count":10,"href":"https:\/\/gadsosote.gob.ec\/index.php?rest_route=\/wp\/v2\/posts\/140\/revisions"}],"predecessor-version":[{"id":1934,"href":"https:\/\/gadsosote.gob.ec\/index.php?rest_route=\/wp\/v2\/posts\/140\/revisions\/1934"}],"wp:attachment":[{"href":"https:\/\/gadsosote.gob.ec\/index.php?rest_route=%2Fwp%2Fv2%2Fmedia&parent=140"}],"wp:term":[{"taxonomy":"category","embeddable":true,"href":"https:\/\/gadsosote.gob.ec\/index.php?rest_route=%2Fwp%2Fv2%2Fcategories&post=140"},{"taxonomy":"post_tag","embeddable":true,"href":"https:\/\/gadsosote.gob.ec\/index.php?rest_route=%2Fwp%2Fv2%2Ftags&post=140"}],"curies":[{"name":"wp","href":"https:\/\/api.w.org\/{rel}","templated":true}]}}