{"id":134,"date":"2015-03-24T23:26:56","date_gmt":"2015-03-25T03:26:56","guid":{"rendered":"http:\/\/gadparroquialsanjuan.gob.ec\/azuay\/?p=134"},"modified":"2025-01-08T12:28:08","modified_gmt":"2025-01-08T16:28:08","slug":"comisiones","status":"publish","type":"post","link":"https:\/\/gadsosote.gob.ec\/?p=134","title":{"rendered":"Comisiones"},"content":{"rendered":"<p style=\"text-align: center;\"><strong>GOBIERNO AUT\u00d3NOMO DESCENTRALIZADO PARROQUIAL RURAL SOSOTE<\/strong><\/p>\n<p style=\"text-align: center;\"><strong>COMISIONES PERMANENTES Y OCASIONALES<\/strong><\/p>\n<p>&nbsp;<\/p>\n<table width=\"1030\">\n<tbody>\n<tr>\n<td width=\"312\"><strong>COMISI\u00d3N<\/strong><\/td>\n<td width=\"227\"><strong>\u00a0<\/strong><\/p>\n<p><strong>PRESIDE<\/strong><\/td>\n<td width=\"246\"><strong>\u00a0<\/strong><\/p>\n<p><strong>VOCAL QUE ACOMPA\u00d1A<\/strong><\/td>\n<td width=\"246\"><strong>REPRESENTANTE DE LA CIUDADANIA<\/strong><\/td>\n<\/tr>\n<tr>\n<td width=\"312\"><strong>COMISI\u00d3N DE MESA.<\/strong><\/td>\n<td width=\"227\">Presidenta F\u00e1tima Vel\u00e1squez<\/p>\n<p>&nbsp;<\/td>\n<td width=\"246\">Vocal Kandy Andino<\/td>\n<td width=\"246\">Ing. Stalin Rom\u00e1n.<\/td>\n<\/tr>\n<tr>\n<td width=\"312\"><strong>COMISI\u00d3N DE PRESUPUESTO Y PLANIFICACI\u00d3N.<\/strong><\/td>\n<td width=\"227\">Presidenta F\u00e1tima Vel\u00e1squez<\/td>\n<td width=\"246\">Vocal Decsy P\u00e1rraga<\/td>\n<td width=\"246\">Ab. Patricio Manzano<\/td>\n<\/tr>\n<tr>\n<td width=\"312\"><strong>COMISI\u00d3N DE EQUIDAD DE G\u00c9NERO.<\/strong><\/td>\n<td width=\"227\">Vocal Kandy Andino<\/p>\n<p>&nbsp;<\/td>\n<td width=\"246\">Vocal Decsy P\u00e1rraga<\/td>\n<td width=\"246\">Sr. Isidoro V\u00e1squez V\u00e9lez<\/td>\n<\/tr>\n<tr>\n<td width=\"312\"><strong>LA COMISI\u00d3N DE GESTI\u00d3N INTERINSTITUCIONAL E INTERNACIONAL<\/strong><\/td>\n<td width=\"227\">Vocal Publio Ruiz<\/td>\n<td width=\"246\">Vocal Eliana Moreno<\/td>\n<td width=\"246\">Tnlgo. Nestor Villa Anchundia<\/td>\n<\/tr>\n<tr>\n<td width=\"312\"><strong>COMISI\u00d3N DE HABITAT Y OBRAS P\u00daBLICAS.<\/strong><\/td>\n<td width=\"227\">Presidenta F\u00e1tima Vel\u00e1squez<\/td>\n<td width=\"246\">Vocal Publio Ruiz<\/td>\n<td width=\"246\">Sr. Daniel Castro Reyes<\/td>\n<\/tr>\n<tr>\n<td width=\"312\"><strong>COMISI\u00d3N SOCIAL, CULTURAL, PRODUCTIVA Y AMBIENTE.<\/strong><\/td>\n<td width=\"227\">Vocal Decsy P\u00e1rraga<\/td>\n<td width=\"246\">Vocal Kandy Andino<\/td>\n<td width=\"246\">Sr. Javier L\u00f3pez Vera.<\/td>\n<\/tr>\n<tr>\n<td width=\"312\"><strong>\u00a0<\/strong><\/p>\n<p><strong>COMISI\u00d3N DE VIALIDAD RURAL.<\/strong><\/p>\n<p><strong>\u00a0<\/strong><\/td>\n<td width=\"227\">&nbsp;<\/p>\n<p>Presidenta F\u00e1tima Vel\u00e1squez<\/td>\n<td width=\"246\">&nbsp;<\/p>\n<p>Vocal Eliana Moreno<\/td>\n<td width=\"246\">&nbsp;<\/p>\n<p>Sra. Decsy Zambrano Vera.<\/td>\n<\/tr>\n<tr>\n<td width=\"312\"><strong>\u00a0<\/strong><\/p>\n<p><strong>COMISI\u00d3N DE SEGURIDAD CIUDADANA.<\/strong><\/td>\n<td width=\"227\">&nbsp;<\/p>\n<p>Vocal Publio Ruiz<\/p>\n<p>&nbsp;<\/td>\n<td width=\"246\">&nbsp;<\/p>\n<p>Presidenta F\u00e1tima Vel\u00e1squez<\/td>\n<td width=\"246\">&nbsp;<\/p>\n<p>Sra. Maria Isabel Franco<\/td>\n<\/tr>\n<tr>\n<td width=\"312\"><strong>COMISI\u00d3N DE PARTICIPACI\u00d3N CIUDADANA.<\/strong><\/td>\n<td width=\"227\">Vocal Eliana Moreno<\/td>\n<td width=\"246\">Vocal Publio Ruiz<\/td>\n<td width=\"246\">Sr. Luis Tutiven Delgado.<\/td>\n<\/tr>\n<\/tbody>\n<\/table>\n<p>&nbsp;<\/p>\n<p>&nbsp;<\/p>\n","protected":false},"excerpt":{"rendered":"<p>GOBIERNO AUT\u00d3NOMO DESCENTRALIZADO PARROQUIAL RURAL SOSOTE COMISIONES PERMANENTES Y OCASIONALES &nbsp; COMISI\u00d3N \u00a0 PRESIDE \u00a0 VOCAL QUE ACOMPA\u00d1A REPRESENTANTE DE LA CIUDADANIA COMISI\u00d3N DE MESA. Presidenta F\u00e1tima Vel\u00e1squez &nbsp; Vocal Kandy Andino Ing. Stalin Rom\u00e1n. COMISI\u00d3N DE PRESUPUESTO Y PLANIFICACI\u00d3N. Presidenta F\u00e1tima Vel\u00e1squez Vocal Decsy P\u00e1rraga Ab. Patricio Manzano COMISI\u00d3N DE EQUIDAD DE G\u00c9NERO. Vocal&hellip;<\/p>\n","protected":false},"author":6,"featured_media":0,"comment_status":"closed","ping_status":"closed","sticky":false,"template":"","format":"standard","meta":{"_joinchat":[]},"categories":[1],"tags":[],"class_list":["post-134","post","type-post","status-publish","format-standard","hentry","category-noticias","category-1","description-off"],"_links":{"self":[{"href":"https:\/\/gadsosote.gob.ec\/index.php?rest_route=\/wp\/v2\/posts\/134","targetHints":{"allow":["GET"]}}],"collection":[{"href":"https:\/\/gadsosote.gob.ec\/index.php?rest_route=\/wp\/v2\/posts"}],"about":[{"href":"https:\/\/gadsosote.gob.ec\/index.php?rest_route=\/wp\/v2\/types\/post"}],"author":[{"embeddable":true,"href":"https:\/\/gadsosote.gob.ec\/index.php?rest_route=\/wp\/v2\/users\/6"}],"replies":[{"embeddable":true,"href":"https:\/\/gadsosote.gob.ec\/index.php?rest_route=%2Fwp%2Fv2%2Fcomments&post=134"}],"version-history":[{"count":8,"href":"https:\/\/gadsosote.gob.ec\/index.php?rest_route=\/wp\/v2\/posts\/134\/revisions"}],"predecessor-version":[{"id":1562,"href":"https:\/\/gadsosote.gob.ec\/index.php?rest_route=\/wp\/v2\/posts\/134\/revisions\/1562"}],"wp:attachment":[{"href":"https:\/\/gadsosote.gob.ec\/index.php?rest_route=%2Fwp%2Fv2%2Fmedia&parent=134"}],"wp:term":[{"taxonomy":"category","embeddable":true,"href":"https:\/\/gadsosote.gob.ec\/index.php?rest_route=%2Fwp%2Fv2%2Fcategories&post=134"},{"taxonomy":"post_tag","embeddable":true,"href":"https:\/\/gadsosote.gob.ec\/index.php?rest_route=%2Fwp%2Fv2%2Ftags&post=134"}],"curies":[{"name":"wp","href":"https:\/\/api.w.org\/{rel}","templated":true}]}}