{"id":122,"date":"2015-02-19T23:25:10","date_gmt":"2015-02-20T03:25:10","guid":{"rendered":"http:\/\/gadparroquialsanjuan.gob.ec\/azuay\/?p=122"},"modified":"2025-01-24T12:23:12","modified_gmt":"2025-01-24T16:23:12","slug":"historia-de-la-parroquia","status":"publish","type":"post","link":"https:\/\/gadsosote.gob.ec\/?p=122","title":{"rendered":"Historia de la Parroquia"},"content":{"rendered":"<p>Uno de los principales estudios de la parroquializaci\u00f3n de Sosote es el Informe T\u00e9cnico, de fecha 09 de febrero de 2018, elaborado por la Direcci\u00f3n de Planificaci\u00f3n y Ordenamiento Territorial del GAD Municipal de Rocafuerte, establece que una vez realizados los correspondientes estudios para determinar la viabilidad y factibilidad para la creaci\u00f3n de parroquias rurales en el cant\u00f3n Rocafuerte, determina que el proyecto \u201cSosote\u201d cumple con los requisitos establecidos en la ley.<\/p>\n<p>El 28 de diciembre del 2022 la Secretaria T\u00e9cnica del Comit\u00e9 Nacional de L\u00edmites Internos CONALI, aprueba el Informe T\u00e9cnico Favorable ITF para para la creaci\u00f3n de la parroquia Sosote.<\/p>\n<p>Seguidamente el 16 de marzo del 2023 mediante Ordenanza Municipal se eleva a categor\u00eda de Parroquia Sosote posteriormente se publica en el Registro Oficial el 27 de abril del 2023, siendo la primera parroquia del cant\u00f3n Rocafuerte.<\/p>\n<p>El 17 de marzo del 2024 fueron las elecciones para la nueva Parroquial Rural de Sosote d\u00f3nde resulto electo el Lic. Ney Rom\u00e1n Valencia presidente y como vocales Publio Ruiz, Eliana Moreno, F\u00e1tima Vel\u00e1squez y Decsy P\u00e1rraga.<\/p>\n<p>La entrega de credenciales se llev\u00f3 a cabo el 21 de mayo en la Delegaci\u00f3n Provincial de Manab\u00ed. El 28 de mayo se realiza la sesi\u00f3n inaugural d\u00f3nde se elige por votaci\u00f3n y considerando el principio de equidad de g\u00e9nero a la Sra. F\u00e1tima Vel\u00e1squez Rom\u00e1n como vicepresidenta del GAD Parroquial Sosote, el 30 de mayo mediante un acto p\u00fablico se efect\u00faa la posesi\u00f3n de las primeras autoridades de elecci\u00f3n popular de la Parroquia Sosote. El 26 de junio se efect\u00faa la sesi\u00f3n extraordinaria 001-2024 en base a un oficio de la esposa del Lic. Ney Rom\u00e1n, Ing. Loida Castro indicando la delicada situaci\u00f3n m\u00e9dica del presidente se autoconvocan los vocales donde por unanimidad otorgan una licencia m\u00e9dica con remuneraci\u00f3n por 60 d\u00edas y encargan la presidencia a la Sra. F\u00e1tima Vel\u00e1squez.<\/p>\n<p>El 4 de julio la parroquia Sosote pierde a su gestor y primer presidente Ney Rom\u00e1n Valencia. El 23 de julio mediante la sesi\u00f3n extraordinaria 002-2024 se oficializa a la presidenta F\u00e1tima Vel\u00e1squez y la titularidad de la vocal de Kandy Andino quien en su momento fue suplente del Lic Ney Rom\u00e1n.<\/p>\n","protected":false},"excerpt":{"rendered":"<p>Uno de los principales estudios de la parroquializaci\u00f3n de Sosote es el Informe T\u00e9cnico, de fecha 09 de febrero de 2018, elaborado por la Direcci\u00f3n de Planificaci\u00f3n y Ordenamiento Territorial del GAD Municipal de Rocafuerte, establece que una vez realizados los correspondientes estudios para determinar la viabilidad y factibilidad para la creaci\u00f3n de parroquias rurales&hellip;<\/p>\n","protected":false},"author":6,"featured_media":0,"comment_status":"closed","ping_status":"closed","sticky":false,"template":"","format":"standard","meta":{"_joinchat":[]},"categories":[1],"tags":[],"class_list":["post-122","post","type-post","status-publish","format-standard","hentry","category-noticias","category-1","description-off"],"_links":{"self":[{"href":"https:\/\/gadsosote.gob.ec\/index.php?rest_route=\/wp\/v2\/posts\/122","targetHints":{"allow":["GET"]}}],"collection":[{"href":"https:\/\/gadsosote.gob.ec\/index.php?rest_route=\/wp\/v2\/posts"}],"about":[{"href":"https:\/\/gadsosote.gob.ec\/index.php?rest_route=\/wp\/v2\/types\/post"}],"author":[{"embeddable":true,"href":"https:\/\/gadsosote.gob.ec\/index.php?rest_route=\/wp\/v2\/users\/6"}],"replies":[{"embeddable":true,"href":"https:\/\/gadsosote.gob.ec\/index.php?rest_route=%2Fwp%2Fv2%2Fcomments&post=122"}],"version-history":[{"count":11,"href":"https:\/\/gadsosote.gob.ec\/index.php?rest_route=\/wp\/v2\/posts\/122\/revisions"}],"predecessor-version":[{"id":1608,"href":"https:\/\/gadsosote.gob.ec\/index.php?rest_route=\/wp\/v2\/posts\/122\/revisions\/1608"}],"wp:attachment":[{"href":"https:\/\/gadsosote.gob.ec\/index.php?rest_route=%2Fwp%2Fv2%2Fmedia&parent=122"}],"wp:term":[{"taxonomy":"category","embeddable":true,"href":"https:\/\/gadsosote.gob.ec\/index.php?rest_route=%2Fwp%2Fv2%2Fcategories&post=122"},{"taxonomy":"post_tag","embeddable":true,"href":"https:\/\/gadsosote.gob.ec\/index.php?rest_route=%2Fwp%2Fv2%2Ftags&post=122"}],"curies":[{"name":"wp","href":"https:\/\/api.w.org\/{rel}","templated":true}]}}